{"id":503,"date":"2023-01-18T09:49:00","date_gmt":"2023-01-18T08:49:00","guid":{"rendered":"https:\/\/canif.org\/?p=338"},"modified":"2023-01-18T09:49:00","modified_gmt":"2023-01-18T08:49:00","slug":"pollinisateurs-et-service-de-pollinisation","status":"publish","type":"post","link":"https:\/\/canif.org\/?p=503","title":{"rendered":"Pollinisateurs et service de pollinisation"},"content":{"rendered":"\n<figure class=\"wp-block-image size-large\"><img decoding=\"async\" src=\"https:\/\/canif.org\/wp-content\/uploads\/2023\/05\/Prima-conferences-729x1024.jpg\" alt=\"\" class=\"wp-image-339\"\/><\/figure>\n\n\n\n<p>Le Conservatoire de l&#8217;Abeille Noire d&#8217;\u00cele-de-France participe \u00e0 ces \u00e9tudes.<\/p>\n","protected":false},"excerpt":{"rendered":"<p>Le Conservatoire de l&#8217;Abeille Noire d&#8217;\u00cele-de-France participe \u00e0 ces \u00e9tudes.<\/p>\n","protected":false},"author":1,"featured_media":0,"comment_status":"closed","ping_status":"open","sticky":false,"template":"","format":"standard","meta":{"footnotes":""},"categories":[2,37],"tags":[6,8,12,27,30],"class_list":["post-503","post","type-post","status-publish","format-standard","hentry","category-actualite","category-etudes","tag-abeille-noire","tag-analyses","tag-canif","tag-rambouillet-territoires","tag-safeagrobee"],"_links":{"self":[{"href":"https:\/\/canif.org\/index.php?rest_route=\/wp\/v2\/posts\/503","targetHints":{"allow":["GET"]}}],"collection":[{"href":"https:\/\/canif.org\/index.php?rest_route=\/wp\/v2\/posts"}],"about":[{"href":"https:\/\/canif.org\/index.php?rest_route=\/wp\/v2\/types\/post"}],"author":[{"embeddable":true,"href":"https:\/\/canif.org\/index.php?rest_route=\/wp\/v2\/users\/1"}],"replies":[{"embeddable":true,"href":"https:\/\/canif.org\/index.php?rest_route=%2Fwp%2Fv2%2Fcomments&post=503"}],"version-history":[{"count":0,"href":"https:\/\/canif.org\/index.php?rest_route=\/wp\/v2\/posts\/503\/revisions"}],"wp:attachment":[{"href":"https:\/\/canif.org\/index.php?rest_route=%2Fwp%2Fv2%2Fmedia&parent=503"}],"wp:term":[{"taxonomy":"category","embeddable":true,"href":"https:\/\/canif.org\/index.php?rest_route=%2Fwp%2Fv2%2Fcategories&post=503"},{"taxonomy":"post_tag","embeddable":true,"href":"https:\/\/canif.org\/index.php?rest_route=%2Fwp%2Fv2%2Ftags&post=503"}],"curies":[{"name":"wp","href":"https:\/\/api.w.org\/{rel}","templated":true}]}}