{"id":420,"date":"2023-06-10T10:31:40","date_gmt":"2023-06-10T08:31:40","guid":{"rendered":"https:\/\/canif.org\/?p=420"},"modified":"2023-06-10T10:31:40","modified_gmt":"2023-06-10T08:31:40","slug":"fete-de-labeille-noire-et-de-la-part-sauvage-1-et-2-juillet-2023","status":"publish","type":"post","link":"https:\/\/canif.org\/?p=420","title":{"rendered":"FETE DE L\u2019ABEILLE NOIRE ET DE LA PART SAUVAGE \u00bb, 1 et 2 JUILLET 2023"},"content":{"rendered":"\n<figure class=\"wp-block-image aligncenter size-full\"><img decoding=\"async\" src=\"https:\/\/canif.org\/wp-content\/uploads\/2023\/06\/Fete_abeille_noire_2023.jpg\" alt=\"\" class=\"wp-image-421\"\/><\/figure>\n\n\n\n<p>L&#8217;abeille noire, \u00e9lev\u00e9e pendant des si\u00e8cles pour le miel, est un animal sauvage de la faune nord europ\u00e9enne. Abeille remarquable en voie de disparition, elle refl\u00e8te bien l&#8217;usure de la biodiversit\u00e9 et f\u00e9d\u00e8re autour d&#8217;elle des agriculteurs, des scientifiques, des \u00e9crivains, des citoyens, passionn\u00e9s par cette aventure contemporaine qui consiste \u00e0 concr\u00e9tiser ensemble un autre monde plus respectueux du vivant et surtout de cette part sauvage qui passe trop souvent \u00e0 la trappe. Alors que celle-ci est la branche sur laquelle nous sommes tous assis.<\/p>\n\n\n\n<p>Pour connaitre le programme de ces deux journ\u00e9es, visitez le site internet de <a href=\"https:\/\/ruchetronc.fr\/ruche_tronc.php?mn=43\" target=\"_blank\" rel=\"noreferrer noopener\">L&#8217;Arbre aux Abeilles<\/a> <\/p>\n\n\n\n<p><\/p>\n","protected":false},"excerpt":{"rendered":"<p>L&#8217;abeille noire, \u00e9lev\u00e9e pendant des si\u00e8cles pour le miel, est un animal sauvage de la faune nord europ\u00e9enne. Abeille remarquable en voie de disparition, elle refl\u00e8te bien l&#8217;usure de la biodiversit\u00e9 et f\u00e9d\u00e8re autour d&#8217;elle des agriculteurs, des scientifiques, des \u00e9crivains, des citoyens, passionn\u00e9s par cette aventure contemporaine qui consiste \u00e0 concr\u00e9tiser ensemble un autre [&hellip;]<\/p>\n","protected":false},"author":1,"featured_media":0,"comment_status":"closed","ping_status":"closed","sticky":false,"template":"","format":"standard","meta":{"footnotes":""},"categories":[2,3],"tags":[6,9],"class_list":["post-420","post","type-post","status-publish","format-standard","hentry","category-actualite","category-fedcan","tag-abeille-noire","tag-animation"],"_links":{"self":[{"href":"https:\/\/canif.org\/index.php?rest_route=\/wp\/v2\/posts\/420","targetHints":{"allow":["GET"]}}],"collection":[{"href":"https:\/\/canif.org\/index.php?rest_route=\/wp\/v2\/posts"}],"about":[{"href":"https:\/\/canif.org\/index.php?rest_route=\/wp\/v2\/types\/post"}],"author":[{"embeddable":true,"href":"https:\/\/canif.org\/index.php?rest_route=\/wp\/v2\/users\/1"}],"replies":[{"embeddable":true,"href":"https:\/\/canif.org\/index.php?rest_route=%2Fwp%2Fv2%2Fcomments&post=420"}],"version-history":[{"count":0,"href":"https:\/\/canif.org\/index.php?rest_route=\/wp\/v2\/posts\/420\/revisions"}],"wp:attachment":[{"href":"https:\/\/canif.org\/index.php?rest_route=%2Fwp%2Fv2%2Fmedia&parent=420"}],"wp:term":[{"taxonomy":"category","embeddable":true,"href":"https:\/\/canif.org\/index.php?rest_route=%2Fwp%2Fv2%2Fcategories&post=420"},{"taxonomy":"post_tag","embeddable":true,"href":"https:\/\/canif.org\/index.php?rest_route=%2Fwp%2Fv2%2Ftags&post=420"}],"curies":[{"name":"wp","href":"https:\/\/api.w.org\/{rel}","templated":true}]}}