{"id":333,"date":"2023-01-22T17:32:49","date_gmt":"2023-01-22T16:32:49","guid":{"rendered":"https:\/\/mellifera78.wordpress.com\/?p=197"},"modified":"2023-01-22T17:32:49","modified_gmt":"2023-01-22T16:32:49","slug":"labeille-noire-un-bien-commun-la-connaitre-lelever-la-proteger-2","status":"publish","type":"post","link":"https:\/\/canif.org\/?p=333","title":{"rendered":"L\u2019abeille noire, un bien commun La conna\u00eetre, l\u2019\u00e9lever, la prot\u00e9ger"},"content":{"rendered":"\n<figure class=\"wp-block-image size-full\"><img loading=\"lazy\" decoding=\"async\" width=\"510\" height=\"510\" src=\"https:\/\/canif.org\/wp-content\/uploads\/2023\/01\/labeille-noire-abeilles-en-liberte.jpg\" alt=\"\" class=\"wp-image-122\" srcset=\"https:\/\/canif.org\/wp-content\/uploads\/2023\/01\/labeille-noire-abeilles-en-liberte.jpg 510w, https:\/\/canif.org\/wp-content\/uploads\/2023\/01\/labeille-noire-abeilles-en-liberte-300x300.jpg 300w, https:\/\/canif.org\/wp-content\/uploads\/2023\/01\/labeille-noire-abeilles-en-liberte-150x150.jpg 150w\" sizes=\"auto, (max-width: 510px) 100vw, 510px\" \/><\/figure>\n\n\n\n<p><strong>Connaissez-vous l\u2019abeille noire<\/strong>, la seule abeille end\u00e9mique d\u2019Europe de l\u2019Ouest, encore abondante \u00e0 l\u2019\u00e9tat sauvage au milieu du XXe si\u00e8cle et aujourd\u2019hui gravement menac\u00e9e de disparition ?<br><strong>\u00c0 l\u2019heure de la crise \u00e9cologique, alors que le besoin de retrouver de la r\u00e9silience et de refonder des pratiques durables s\u2019impose<\/strong>, ce premier hors-s\u00e9rie de la revue <em>Abeilles en libert\u00e9<\/em> propose une v\u00e9ritable apologie de l\u2019abeille noire, cette abeille rustique en intelligence avec son milieu, particuli\u00e8rement adapt\u00e9e \u00e0 une apiculture souhaitant s\u2019inscrire dans la dur\u00e9e et d\u00e9sireuse de laisser un patrimoine aux g\u00e9n\u00e9rations futures.<br><strong>Une protection pour garantir son avenir<\/strong><br>Venant combler un grand vide en termes d\u2019ouvrages sur le sujet, s\u2019appuyant sur les contributions des meilleurs sp\u00e9cialistes (Lionel Garnery, Vincent Albouy, Hubert Guerriat, etc.), ces 80 pages riches et document\u00e9es tracent un chemin dans le paysage actuel de la protection de l\u2019abeille noire en prenant le temps de comprendre en quoi cette abeille est pr\u00e9cieuse l\u00e0 o\u00f9 elle existe encore et pourquoi il faut continuer de la d\u00e9fendre. Gr\u00e2ce aux t\u00e9moignages des hommes et des femmes qui la connaissent, qui la prot\u00e8gent ou travaillent avec elle sur le terrain dans plusieurs pays d\u2019Europe, un avenir se dessine peut-\u00eatre pour ce joyau de l\u2019\u00e9volution\u2026<br><a rel=\"noreferrer noopener\" href=\"https:\/\/boutique.terranmagazines.fr\/produit\/labeille-noire\/\" target=\"_blank\">https:\/\/boutique.terranmagazines.fr\/produit\/labeille-noire\/<\/a><\/p>\n","protected":false},"excerpt":{"rendered":"<p>Connaissez-vous l\u2019abeille noire, la seule abeille end\u00e9mique d\u2019Europe de l\u2019Ouest, encore abondante \u00e0 l\u2019\u00e9tat sauvage au milieu du XXe si\u00e8cle et aujourd\u2019hui gravement menac\u00e9e de disparition ?\u00c0 l\u2019heure de la crise \u00e9cologique, alors que le besoin de retrouver de la r\u00e9silience et de refonder des pratiques durables s\u2019impose, ce premier hors-s\u00e9rie de la revue Abeilles [&hellip;]<\/p>\n","protected":false},"author":1,"featured_media":0,"comment_status":"closed","ping_status":"closed","sticky":false,"template":"","format":"standard","meta":{"footnotes":""},"categories":[2],"tags":[6,7,28,31],"class_list":["post-333","post","type-post","status-publish","format-standard","hentry","category-actualite","tag-abeille-noire","tag-abeilles-en-liberte","tag-revue","tag-terran-magazines"],"_links":{"self":[{"href":"https:\/\/canif.org\/index.php?rest_route=\/wp\/v2\/posts\/333","targetHints":{"allow":["GET"]}}],"collection":[{"href":"https:\/\/canif.org\/index.php?rest_route=\/wp\/v2\/posts"}],"about":[{"href":"https:\/\/canif.org\/index.php?rest_route=\/wp\/v2\/types\/post"}],"author":[{"embeddable":true,"href":"https:\/\/canif.org\/index.php?rest_route=\/wp\/v2\/users\/1"}],"replies":[{"embeddable":true,"href":"https:\/\/canif.org\/index.php?rest_route=%2Fwp%2Fv2%2Fcomments&post=333"}],"version-history":[{"count":0,"href":"https:\/\/canif.org\/index.php?rest_route=\/wp\/v2\/posts\/333\/revisions"}],"wp:attachment":[{"href":"https:\/\/canif.org\/index.php?rest_route=%2Fwp%2Fv2%2Fmedia&parent=333"}],"wp:term":[{"taxonomy":"category","embeddable":true,"href":"https:\/\/canif.org\/index.php?rest_route=%2Fwp%2Fv2%2Fcategories&post=333"},{"taxonomy":"post_tag","embeddable":true,"href":"https:\/\/canif.org\/index.php?rest_route=%2Fwp%2Fv2%2Ftags&post=333"}],"curies":[{"name":"wp","href":"https:\/\/api.w.org\/{rel}","templated":true}]}}