{"id":297,"date":"2022-05-22T22:17:00","date_gmt":"2022-05-22T20:17:00","guid":{"rendered":"https:\/\/mellifera78.wordpress.com\/?p=297"},"modified":"2022-05-22T22:17:00","modified_gmt":"2022-05-22T20:17:00","slug":"coignieres-fete-de-lenvironnement","status":"publish","type":"post","link":"https:\/\/canif.org\/?p=297","title":{"rendered":"Coigni\u00e8res &#8211; F\u00eate de l&#8217;environnement"},"content":{"rendered":"\n<div class=\"wp-block-columns is-layout-flex wp-container-core-columns-is-layout-28f84493 wp-block-columns-is-layout-flex\">\n<div class=\"wp-block-column is-layout-flow wp-block-column-is-layout-flow\" style=\"flex-basis:66.66%\">\n<figure class=\"wp-block-image size-large has-custom-border\"><img loading=\"lazy\" decoding=\"async\" width=\"2048\" height=\"1536\" src=\"http:\/\/canif.org\/wp-content\/uploads\/2023\/01\/coignieres-canif.jpg?w=750\" alt=\"\" class=\"wp-image-296\" style=\"border-width:1px;border-radius:5px\" srcset=\"https:\/\/canif.org\/wp-content\/uploads\/2023\/01\/coignieres-canif.jpg 2048w, https:\/\/canif.org\/wp-content\/uploads\/2023\/01\/coignieres-canif-300x225.jpg 300w, https:\/\/canif.org\/wp-content\/uploads\/2023\/01\/coignieres-canif-1024x768.jpg 1024w, https:\/\/canif.org\/wp-content\/uploads\/2023\/01\/coignieres-canif-768x576.jpg 768w, https:\/\/canif.org\/wp-content\/uploads\/2023\/01\/coignieres-canif-1536x1152.jpg 1536w\" sizes=\"auto, (max-width: 2048px) 100vw, 2048px\" \/><\/figure>\n<\/div>\n\n\n\n<div class=\"wp-block-column is-layout-flow wp-block-column-is-layout-flow\" style=\"flex-basis:33.33%\">\n<p>Le 22 mai 2022 se d\u00e9roulait la F\u00eate de l\u2019environnement \u00e0 Coigni\u00e8res. L\u2019occasion pour le CANIF de promouvoir encore et toujours l\u2019abeille noire. <br>La ville de Coigni\u00e8res a sign\u00e9 une convention avec le CANIF pour le pr\u00eat d\u2019un terrain qui accueillera des colonies d\u2019abeilles noires.<\/p>\n<\/div>\n<\/div>\n","protected":false},"excerpt":{"rendered":"<p>Le 22 mai 2022 se d\u00e9roulait la F\u00eate de l\u2019environnement \u00e0 Coigni\u00e8res. L\u2019occasion pour le CANIF de promouvoir encore et toujours l\u2019abeille noire. La ville de Coigni\u00e8res a sign\u00e9 une convention avec le CANIF pour le pr\u00eat d\u2019un terrain qui accueillera des colonies d\u2019abeilles noires.<\/p>\n","protected":false},"author":2,"featured_media":296,"comment_status":"closed","ping_status":"closed","sticky":false,"template":"","format":"standard","meta":{"footnotes":""},"categories":[2],"tags":[9,12,15,16],"class_list":["post-297","post","type-post","status-publish","format-standard","has-post-thumbnail","hentry","category-actualite","tag-animation","tag-canif","tag-coignieres","tag-developpement-durable"],"_links":{"self":[{"href":"https:\/\/canif.org\/index.php?rest_route=\/wp\/v2\/posts\/297","targetHints":{"allow":["GET"]}}],"collection":[{"href":"https:\/\/canif.org\/index.php?rest_route=\/wp\/v2\/posts"}],"about":[{"href":"https:\/\/canif.org\/index.php?rest_route=\/wp\/v2\/types\/post"}],"author":[{"embeddable":true,"href":"https:\/\/canif.org\/index.php?rest_route=\/wp\/v2\/users\/2"}],"replies":[{"embeddable":true,"href":"https:\/\/canif.org\/index.php?rest_route=%2Fwp%2Fv2%2Fcomments&post=297"}],"version-history":[{"count":0,"href":"https:\/\/canif.org\/index.php?rest_route=\/wp\/v2\/posts\/297\/revisions"}],"wp:featuredmedia":[{"embeddable":true,"href":"https:\/\/canif.org\/index.php?rest_route=\/wp\/v2\/media\/296"}],"wp:attachment":[{"href":"https:\/\/canif.org\/index.php?rest_route=%2Fwp%2Fv2%2Fmedia&parent=297"}],"wp:term":[{"taxonomy":"category","embeddable":true,"href":"https:\/\/canif.org\/index.php?rest_route=%2Fwp%2Fv2%2Fcategories&post=297"},{"taxonomy":"post_tag","embeddable":true,"href":"https:\/\/canif.org\/index.php?rest_route=%2Fwp%2Fv2%2Ftags&post=297"}],"curies":[{"name":"wp","href":"https:\/\/api.w.org\/{rel}","templated":true}]}}