{"id":235,"date":"2021-03-16T22:21:00","date_gmt":"2021-03-16T21:21:00","guid":{"rendered":"https:\/\/mellifera78.wordpress.com\/?p=235"},"modified":"2021-03-16T22:21:00","modified_gmt":"2021-03-16T21:21:00","slug":"le-canif-partenaire-du-departement-des-yvelines","status":"publish","type":"post","link":"https:\/\/canif.org\/?p=235","title":{"rendered":"Le CANIF partenaire du d\u00e9partement des Yvelines"},"content":{"rendered":"\n<div class=\"wp-block-columns is-layout-flex wp-container-core-columns-is-layout-28f84493 wp-block-columns-is-layout-flex\">\n<div class=\"wp-block-column is-layout-flow wp-block-column-is-layout-flow\" style=\"flex-basis:66.66%\">\n<figure class=\"wp-block-image size-large is-resized has-custom-border\"><img loading=\"lazy\" decoding=\"async\" src=\"http:\/\/canif.org\/wp-content\/uploads\/2023\/01\/78-canif_01.jpg?w=750\" alt=\"\" class=\"wp-image-236\" style=\"border-width:1px;border-radius:5px\" width=\"504\" height=\"282\" \/><\/figure>\n\n\n\n<div class=\"wp-block-columns is-layout-flex wp-container-core-columns-is-layout-28f84493 wp-block-columns-is-layout-flex\">\n<div class=\"wp-block-column is-layout-flow wp-block-column-is-layout-flow\"><\/div>\n\n\n\n<div class=\"wp-block-column is-layout-flow wp-block-column-is-layout-flow\"><\/div>\n<\/div>\n<\/div>\n\n\n\n<div class=\"wp-block-column is-layout-flow wp-block-column-is-layout-flow\" style=\"flex-basis:33.33%\">\n<p>Dans le cadre de la protection des espaces naturels sensibles, le d\u00e9partement des Yvelines s&#8217;appuie sur l&#8217;exp\u00e9rience technique et scientifique du Conservatoire del&#8217;abeille noire d&#8217;\u00cele-de-France. Plusieurs espaces naturels seront propos\u00e9s pour l&#8217;implantation de petits ruchers d&#8217;abeilles noires tout en recensant l&#8217;antomofaune locale.<\/p>\n<\/div>\n<\/div>\n","protected":false},"excerpt":{"rendered":"<p>Dans le cadre de la protection des espaces naturels sensibles, le d\u00e9partement des Yvelines s&#8217;appuie sur l&#8217;exp\u00e9rience technique et scientifique du Conservatoire del&#8217;abeille noire d&#8217;\u00cele-de-France. Plusieurs espaces naturels seront propos\u00e9s pour l&#8217;implantation de petits ruchers d&#8217;abeilles noires tout en recensant l&#8217;antomofaune locale.<\/p>\n","protected":false},"author":2,"featured_media":0,"comment_status":"closed","ping_status":"closed","sticky":false,"template":"","format":"standard","meta":{"footnotes":""},"categories":[2,37],"tags":[],"class_list":["post-235","post","type-post","status-publish","format-standard","hentry","category-actualite","category-etudes"],"_links":{"self":[{"href":"https:\/\/canif.org\/index.php?rest_route=\/wp\/v2\/posts\/235","targetHints":{"allow":["GET"]}}],"collection":[{"href":"https:\/\/canif.org\/index.php?rest_route=\/wp\/v2\/posts"}],"about":[{"href":"https:\/\/canif.org\/index.php?rest_route=\/wp\/v2\/types\/post"}],"author":[{"embeddable":true,"href":"https:\/\/canif.org\/index.php?rest_route=\/wp\/v2\/users\/2"}],"replies":[{"embeddable":true,"href":"https:\/\/canif.org\/index.php?rest_route=%2Fwp%2Fv2%2Fcomments&post=235"}],"version-history":[{"count":0,"href":"https:\/\/canif.org\/index.php?rest_route=\/wp\/v2\/posts\/235\/revisions"}],"wp:attachment":[{"href":"https:\/\/canif.org\/index.php?rest_route=%2Fwp%2Fv2%2Fmedia&parent=235"}],"wp:term":[{"taxonomy":"category","embeddable":true,"href":"https:\/\/canif.org\/index.php?rest_route=%2Fwp%2Fv2%2Fcategories&post=235"},{"taxonomy":"post_tag","embeddable":true,"href":"https:\/\/canif.org\/index.php?rest_route=%2Fwp%2Fv2%2Ftags&post=235"}],"curies":[{"name":"wp","href":"https:\/\/api.w.org\/{rel}","templated":true}]}}