{"id":230,"date":"2015-08-17T22:13:00","date_gmt":"2015-08-17T20:13:00","guid":{"rendered":"https:\/\/mellifera78.wordpress.com\/?p=230"},"modified":"2015-08-17T22:13:00","modified_gmt":"2015-08-17T20:13:00","slug":"journee-des-adherents-2015","status":"publish","type":"post","link":"https:\/\/canif.org\/?p=230","title":{"rendered":"Journ\u00e9e des adh\u00e9rents 2015"},"content":{"rendered":"\n<div class=\"wp-block-columns is-layout-flex wp-container-core-columns-is-layout-28f84493 wp-block-columns-is-layout-flex\">\n<div class=\"wp-block-column is-layout-flow wp-block-column-is-layout-flow\">\n<figure class=\"wp-block-image size-large has-custom-border\"><img loading=\"lazy\" decoding=\"async\" width=\"2048\" height=\"1536\" src=\"http:\/\/canif.org\/wp-content\/uploads\/2023\/01\/canif_2015.jpg?w=750\" alt=\"\" class=\"wp-image-232\" style=\"border-width:1px;border-radius:5px\" srcset=\"https:\/\/canif.org\/wp-content\/uploads\/2023\/01\/canif_2015.jpg 2048w, https:\/\/canif.org\/wp-content\/uploads\/2023\/01\/canif_2015-300x225.jpg 300w, https:\/\/canif.org\/wp-content\/uploads\/2023\/01\/canif_2015-1024x768.jpg 1024w, https:\/\/canif.org\/wp-content\/uploads\/2023\/01\/canif_2015-768x576.jpg 768w, https:\/\/canif.org\/wp-content\/uploads\/2023\/01\/canif_2015-1536x1152.jpg 1536w\" sizes=\"auto, (max-width: 2048px) 100vw, 2048px\" \/><\/figure>\n<\/div>\n\n\n\n<div class=\"wp-block-column is-layout-flow wp-block-column-is-layout-flow\">\n<p>Petit rappel pour les adh\u00e9rents du CANIF, samedi 22 ao\u00fbt, nous vous proposons la visite du conservatoire de l&#8217;abeille noire d&#8217;\u00cele-de-France \u00e0 Bullion Pour profiter au mieux de cette journ\u00e9e, nous vous proposons de faire un picnic \u00ab Australien \u00bb. Chacun apporte quelque chose \u00e0 manger, un barbecue sera mis \u00e0 disposition.<\/p>\n\n\n\n<p>Dans un cadre agr\u00e9able, vous prendrez plaisir \u00e0 marcher dans les bruy\u00e8res tout en observant les ruches une \u00e0 une.<\/p>\n\n\n\n<p>Merci de confirmer votre participation.<\/p>\n<\/div>\n<\/div>\n","protected":false},"excerpt":{"rendered":"<p>Petit rappel pour les adh\u00e9rents du CANIF, samedi 22 ao\u00fbt, nous vous proposons la visite du conservatoire de l&#8217;abeille noire d&#8217;\u00cele-de-France \u00e0 Bullion Pour profiter au mieux de cette journ\u00e9e, nous vous proposons de faire un picnic \u00ab Australien \u00bb. Chacun apporte quelque chose \u00e0 manger, un barbecue sera mis \u00e0 disposition. Dans un cadre [&hellip;]<\/p>\n","protected":false},"author":2,"featured_media":232,"comment_status":"closed","ping_status":"closed","sticky":false,"template":"","format":"standard","meta":{"footnotes":""},"categories":[2],"tags":[],"class_list":["post-230","post","type-post","status-publish","format-standard","has-post-thumbnail","hentry","category-actualite"],"_links":{"self":[{"href":"https:\/\/canif.org\/index.php?rest_route=\/wp\/v2\/posts\/230","targetHints":{"allow":["GET"]}}],"collection":[{"href":"https:\/\/canif.org\/index.php?rest_route=\/wp\/v2\/posts"}],"about":[{"href":"https:\/\/canif.org\/index.php?rest_route=\/wp\/v2\/types\/post"}],"author":[{"embeddable":true,"href":"https:\/\/canif.org\/index.php?rest_route=\/wp\/v2\/users\/2"}],"replies":[{"embeddable":true,"href":"https:\/\/canif.org\/index.php?rest_route=%2Fwp%2Fv2%2Fcomments&post=230"}],"version-history":[{"count":0,"href":"https:\/\/canif.org\/index.php?rest_route=\/wp\/v2\/posts\/230\/revisions"}],"wp:featuredmedia":[{"embeddable":true,"href":"https:\/\/canif.org\/index.php?rest_route=\/wp\/v2\/media\/232"}],"wp:attachment":[{"href":"https:\/\/canif.org\/index.php?rest_route=%2Fwp%2Fv2%2Fmedia&parent=230"}],"wp:term":[{"taxonomy":"category","embeddable":true,"href":"https:\/\/canif.org\/index.php?rest_route=%2Fwp%2Fv2%2Fcategories&post=230"},{"taxonomy":"post_tag","embeddable":true,"href":"https:\/\/canif.org\/index.php?rest_route=%2Fwp%2Fv2%2Ftags&post=230"}],"curies":[{"name":"wp","href":"https:\/\/api.w.org\/{rel}","templated":true}]}}