{"id":128,"date":"2021-08-21T13:35:00","date_gmt":"2021-08-21T11:35:00","guid":{"rendered":"https:\/\/mellifera78.wordpress.com\/?p=128"},"modified":"2021-08-21T13:35:00","modified_gmt":"2021-08-21T11:35:00","slug":"etude-europeenne-beeconnected-2021-2024","status":"publish","type":"post","link":"https:\/\/canif.org\/?p=128","title":{"rendered":"\u00c9tude europ\u00e9enne Beeconnected 2021\/2024"},"content":{"rendered":"\n<div class=\"wp-block-columns is-layout-flex wp-container-core-columns-is-layout-28f84493 wp-block-columns-is-layout-flex\">\n<div class=\"wp-block-column is-layout-flow wp-block-column-is-layout-flow\">\n<figure class=\"wp-block-image size-large\"><img loading=\"lazy\" decoding=\"async\" width=\"1280\" height=\"960\" src=\"http:\/\/canif.org\/wp-content\/uploads\/2023\/01\/asan-gx_01-1.jpg?w=750\" alt=\"\" class=\"wp-image-134\" srcset=\"https:\/\/canif.org\/wp-content\/uploads\/2023\/01\/asan-gx_01-1.jpg 1280w, https:\/\/canif.org\/wp-content\/uploads\/2023\/01\/asan-gx_01-1-300x225.jpg 300w, https:\/\/canif.org\/wp-content\/uploads\/2023\/01\/asan-gx_01-1-1024x768.jpg 1024w, https:\/\/canif.org\/wp-content\/uploads\/2023\/01\/asan-gx_01-1-768x576.jpg 768w\" sizes=\"auto, (max-width: 1280px) 100vw, 1280px\" \/><\/figure>\n<\/div>\n\n\n\n<div class=\"wp-block-column is-layout-flow wp-block-column-is-layout-flow\">\n<figure class=\"wp-block-image size-large\"><img loading=\"lazy\" decoding=\"async\" width=\"1280\" height=\"960\" src=\"http:\/\/canif.org\/wp-content\/uploads\/2023\/01\/asan-gx_02.jpg?w=1024\" alt=\"\" class=\"wp-image-131\" srcset=\"https:\/\/canif.org\/wp-content\/uploads\/2023\/01\/asan-gx_02.jpg 1280w, https:\/\/canif.org\/wp-content\/uploads\/2023\/01\/asan-gx_02-300x225.jpg 300w, https:\/\/canif.org\/wp-content\/uploads\/2023\/01\/asan-gx_02-1024x768.jpg 1024w, https:\/\/canif.org\/wp-content\/uploads\/2023\/01\/asan-gx_02-768x576.jpg 768w\" sizes=\"auto, (max-width: 1280px) 100vw, 1280px\" \/><\/figure>\n<\/div>\n<\/div>\n\n\n\n<p>L&#8217;Asan Gx (Association pour la Sauvegarde de l&#8217;Abeille noire de l&#8217;\u00eele de GroiX) avec deux autres conservatoires de la FEDCan (F\u00e9d\u00e9ration Europ\u00e9enne des Conservatoires d&#8217;Abeilles Noires), ont \u00e9t\u00e9 choisi pour participer \u00e0 l&#8217;\u00e9tude europ\u00e9enne (Gr\u00e8ce\/Allemagne\/France) Beeconnected 2021\/2024. <br>Un rucher provisoire a donc \u00e9t\u00e9 cr\u00e9\u00e9 avec l&#8217;autorisation et sur un terrain du conservatoire du littoral.<\/p>\n","protected":false},"excerpt":{"rendered":"<p>L&#8217;Asan Gx (Association pour la Sauvegarde de l&#8217;Abeille noire de l&#8217;\u00eele de GroiX) avec deux autres conservatoires de la FEDCan (F\u00e9d\u00e9ration Europ\u00e9enne des Conservatoires d&#8217;Abeilles Noires), ont \u00e9t\u00e9 choisi pour participer \u00e0 l&#8217;\u00e9tude europ\u00e9enne (Gr\u00e8ce\/Allemagne\/France) Beeconnected 2021\/2024. Un rucher provisoire a donc \u00e9t\u00e9 cr\u00e9\u00e9 avec l&#8217;autorisation et sur un terrain du conservatoire du littoral.<\/p>\n","protected":false},"author":2,"featured_media":134,"comment_status":"closed","ping_status":"closed","sticky":false,"template":"","format":"standard","meta":{"footnotes":""},"categories":[37,3],"tags":[11],"class_list":["post-128","post","type-post","status-publish","format-standard","has-post-thumbnail","hentry","category-etudes","category-fedcan","tag-beeconnected"],"_links":{"self":[{"href":"https:\/\/canif.org\/index.php?rest_route=\/wp\/v2\/posts\/128","targetHints":{"allow":["GET"]}}],"collection":[{"href":"https:\/\/canif.org\/index.php?rest_route=\/wp\/v2\/posts"}],"about":[{"href":"https:\/\/canif.org\/index.php?rest_route=\/wp\/v2\/types\/post"}],"author":[{"embeddable":true,"href":"https:\/\/canif.org\/index.php?rest_route=\/wp\/v2\/users\/2"}],"replies":[{"embeddable":true,"href":"https:\/\/canif.org\/index.php?rest_route=%2Fwp%2Fv2%2Fcomments&post=128"}],"version-history":[{"count":0,"href":"https:\/\/canif.org\/index.php?rest_route=\/wp\/v2\/posts\/128\/revisions"}],"wp:featuredmedia":[{"embeddable":true,"href":"https:\/\/canif.org\/index.php?rest_route=\/wp\/v2\/media\/134"}],"wp:attachment":[{"href":"https:\/\/canif.org\/index.php?rest_route=%2Fwp%2Fv2%2Fmedia&parent=128"}],"wp:term":[{"taxonomy":"category","embeddable":true,"href":"https:\/\/canif.org\/index.php?rest_route=%2Fwp%2Fv2%2Fcategories&post=128"},{"taxonomy":"post_tag","embeddable":true,"href":"https:\/\/canif.org\/index.php?rest_route=%2Fwp%2Fv2%2Ftags&post=128"}],"curies":[{"name":"wp","href":"https:\/\/api.w.org\/{rel}","templated":true}]}}