{"id":12,"date":"2023-01-19T16:32:45","date_gmt":"2023-01-19T15:32:45","guid":{"rendered":"https:\/\/mellifera78.wordpress.com\/2023\/01\/19\/adventure-awaits-2\/"},"modified":"2023-01-19T16:32:45","modified_gmt":"2023-01-19T15:32:45","slug":"adventure-awaits-2","status":"publish","type":"post","link":"https:\/\/canif.org\/?p=12","title":{"rendered":"Journ\u00e9es du d\u00e9veloppement durable"},"content":{"rendered":"\n<figure class=\"wp-block-image aligncenter size-large is-resized\"><img loading=\"lazy\" decoding=\"async\" src=\"http:\/\/canif.org\/wp-content\/uploads\/2023\/01\/rt-jdd2022_01-.jpg?w=564\" alt=\"\" class=\"wp-image-103\" width=\"409\" height=\"580\" srcset=\"https:\/\/canif.org\/wp-content\/uploads\/2023\/01\/rt-jdd2022_01-.jpg 564w, https:\/\/canif.org\/wp-content\/uploads\/2023\/01\/rt-jdd2022_01--212x300.jpg 212w\" sizes=\"auto, (max-width: 409px) 100vw, 409px\" \/><figcaption class=\"wp-element-caption\"><mark><mark style=\"background-color:#ffffff\" class=\"has-inline-color has-foreground-color\">Le CANIF sera pr\u00e9sent aux journ\u00e9es du d\u00e9veloppement durable avec Rambouillet Territoires, au centre culturel de La Lanterne, \u00e0 Rambouillet. Entr\u00e9e gratuite le samedi 10 septembre pour la journ\u00e9e grand public. N&#8217;h\u00e9sitez pas \u00e0 passer nous voir.<\/mark><\/mark><\/figcaption><\/figure>\n","protected":false},"excerpt":{"rendered":"","protected":false},"author":2,"featured_media":103,"comment_status":"closed","ping_status":"closed","sticky":false,"template":"","format":"standard","meta":{"footnotes":""},"categories":[2],"tags":[9,12,27],"class_list":["post-12","post","type-post","status-publish","format-standard","has-post-thumbnail","hentry","category-actualite","tag-animation","tag-canif","tag-rambouillet-territoires"],"_links":{"self":[{"href":"https:\/\/canif.org\/index.php?rest_route=\/wp\/v2\/posts\/12","targetHints":{"allow":["GET"]}}],"collection":[{"href":"https:\/\/canif.org\/index.php?rest_route=\/wp\/v2\/posts"}],"about":[{"href":"https:\/\/canif.org\/index.php?rest_route=\/wp\/v2\/types\/post"}],"author":[{"embeddable":true,"href":"https:\/\/canif.org\/index.php?rest_route=\/wp\/v2\/users\/2"}],"replies":[{"embeddable":true,"href":"https:\/\/canif.org\/index.php?rest_route=%2Fwp%2Fv2%2Fcomments&post=12"}],"version-history":[{"count":0,"href":"https:\/\/canif.org\/index.php?rest_route=\/wp\/v2\/posts\/12\/revisions"}],"wp:featuredmedia":[{"embeddable":true,"href":"https:\/\/canif.org\/index.php?rest_route=\/wp\/v2\/media\/103"}],"wp:attachment":[{"href":"https:\/\/canif.org\/index.php?rest_route=%2Fwp%2Fv2%2Fmedia&parent=12"}],"wp:term":[{"taxonomy":"category","embeddable":true,"href":"https:\/\/canif.org\/index.php?rest_route=%2Fwp%2Fv2%2Fcategories&post=12"},{"taxonomy":"post_tag","embeddable":true,"href":"https:\/\/canif.org\/index.php?rest_route=%2Fwp%2Fv2%2Ftags&post=12"}],"curies":[{"name":"wp","href":"https:\/\/api.w.org\/{rel}","templated":true}]}}